{"id":23862,"date":"2026-04-20T07:38:29","date_gmt":"2026-04-20T07:38:29","guid":{"rendered":"https:\/\/institutoneurociencias.org\/incyl-members-awarded-the-maria-de-maeztu-and-gloria-begue-prizes\/"},"modified":"2026-04-28T10:50:45","modified_gmt":"2026-04-28T10:50:45","slug":"incyl-members-awarded-the-maria-de-maeztu-and-gloria-begue-prizes","status":"publish","type":"post","link":"https:\/\/institutoneurociencias.org\/en\/incyl-members-awarded-the-maria-de-maeztu-and-gloria-begue-prizes\/","title":{"rendered":"INCYL members awarded the &#8220;Mar\u00eda de Maeztu&#8221; and &#8220;Gloria Begu\u00e9&#8221; prizes."},"content":{"rendered":"\n<h2 class=\"wp-block-heading o-typing-delay-2s\"><strong>Eva Mar\u00eda Arroyo Anll\u00f3 and David D\u00edaz L\u00f3pez were the INCYL researchers awarded.<\/strong><\/h2>\n\n<div class=\"wp-block-columns is-layout-flex wp-container-core-columns-is-layout-9d6595d7 wp-block-columns-is-layout-flex\">\n<div class=\"wp-block-column is-layout-flow wp-block-column-is-layout-flow\">\n<p>On April 17, a ceremony was held at the Paraninfo of the University that awarded 43 teachers for their educational work and excellence. The ceremony was presided over by the Rector of the University of Salamanca, Juan Manuel Corchado; but also in attendance were the Vice Rector for Research, Jos\u00e9 Miguel Mateos Roco; the Vice Rector for Undergraduate Studies and Quality, Bertha Mar\u00eda Guti\u00e9rrez; and the Vice Rector for Academic Planning and Teaching Staff, Rosario Ar\u00e9valo (also a member of INCYL). <\/p>\n\n\n\n<p>On the one hand, the &#8220;Mar\u00eda Maeztu&#8221; awards were given to 20 professors, a prize awarded for having completed a decade at the University and having a minimum of five years of positive evaluation of research activity (sexenios) by the National Commission for the Evaluation of Research Activity (CNEAI).<strong> Eva Mar\u00eda Arroyo Anll\u00f3<\/strong> was among these awardees. <\/p>\n\n\n\n<p>On the other hand, the &#8220;Gloria Begu\u00e9&#8221; awards were also presented to the professors who accredited three evaluations of the Teaching Program with the qualification of &#8220;Excellent. Among the 19 winners was <strong>David D\u00edaz L\u00f3pez<\/strong>. <\/p>\n\n\n\n<p>This award ceremony reinforces INCYL&#8217;s values of excellence and commitment not only to research but also to teaching and knowledge transfer.<\/p>\n<\/div>\n<\/div>\n\n<div id=\"wp-block-themeisle-blocks-slider-fb6c86ce\" class=\"wp-block-themeisle-blocks-slider glide\" data-per-view=\"1\" data-gap=\"0\" data-peek=\"0\" data-autoplay=\"true\" data-height=\"400px\" data-hide-arrows=\"false\"><div class=\"glide__track\" data-glide-el=\"track\"><div class=\"glide__slides\"><div class=\"wp-block-themeisle-blocks-slider-item-wrapper glide__slide\" tabindex=\"0\"><figure><img decoding=\"async\" class=\"wp-block-themeisle-blocks-slider-item\" src=\"https:\/\/institutoneurociencias.org\/wp-content\/uploads\/2026\/04\/Copia-David-y-Eva-Arroyo-1.jpeg\" alt=\"\" title=\"\" data-id=\"23854\"><figcaption>David D\u00edaz and Eva Mar\u00eda Arroyo<\/figcaption><\/figure><\/div><div class=\"wp-block-themeisle-blocks-slider-item-wrapper glide__slide\" tabindex=\"0\"><figure><img decoding=\"async\" class=\"wp-block-themeisle-blocks-slider-item\" src=\"https:\/\/institutoneurociencias.org\/wp-content\/uploads\/2026\/04\/WhatsApp-Image-2026-04-17-at-14.17.47-1.jpeg\" alt=\"\" title=\"\" data-id=\"23836\"><\/figure><\/div><div class=\"wp-block-themeisle-blocks-slider-item-wrapper glide__slide\" tabindex=\"0\"><figure><img decoding=\"async\" class=\"wp-block-themeisle-blocks-slider-item\" src=\"https:\/\/institutoneurociencias.org\/wp-content\/uploads\/2026\/04\/WhatsApp-Image-2026-04-17-at-14.17.47.jpeg\" alt=\"\" title=\"\" data-id=\"23842\"><figcaption>David D\u00edaz among the other award winners<\/figcaption><\/figure><\/div><\/div><div class=\"glide__bullets\" data-glide-el=\"controls[nav]\"><button class=\"glide__bullet\" data-glide-dir=\"=0\"><\/button><button class=\"glide__bullet\" data-glide-dir=\"=1\"><\/button><button class=\"glide__bullet\" data-glide-dir=\"=2\"><\/button><\/div><\/div><\/div>\n","protected":false},"excerpt":{"rendered":"<p>Eva Mar\u00eda Arroyo Anll\u00f3 and David D\u00edaz L\u00f3pez were the INCYL researchers awarded. On April&hellip;<\/p>\n","protected":false},"author":42,"featured_media":23838,"comment_status":"closed","ping_status":"closed","sticky":false,"template":"","format":"standard","meta":{"_acf_changed":false,"_themeisle_gutenberg_block_has_review":false,"footnotes":""},"categories":[1252],"tags":[],"class_list":["post-23862","post","type-post","status-publish","format-standard","has-post-thumbnail","hentry","category-news"],"acf":[],"yoast_head":"<!-- This site is optimized with the Yoast SEO plugin v27.5 - https:\/\/yoast.com\/product\/yoast-seo-wordpress\/ -->\n<title>INCYL members awarded the &quot;Mar\u00eda de Maeztu&quot; and &quot;Gloria Begu\u00e9&quot; prizes. - Instituto de Neurociencias de Castilla y Le\u00f3n<\/title>\n<meta name=\"description\" content=\"On October 24, the Instituto de Neurociencias de Castilla y Le\u00f3n (INCYL) held its first Open Access Day, as part of the activities of the International Open Access Week 2024, in collaboration with the Research Support Service of the University of Salamanca Libraries.\" \/>\n<meta name=\"robots\" content=\"index, follow, max-snippet:-1, max-image-preview:large, max-video-preview:-1\" \/>\n<link rel=\"canonical\" href=\"https:\/\/institutoneurociencias.org\/en\/incyl-members-awarded-the-maria-de-maeztu-and-gloria-begue-prizes\/\" \/>\n<meta property=\"og:locale\" content=\"en_US\" \/>\n<meta property=\"og:type\" content=\"article\" \/>\n<meta property=\"og:title\" content=\"INCYL members awarded the &quot;Mar\u00eda de Maeztu&quot; and &quot;Gloria Begu\u00e9&quot; prizes. - Instituto de Neurociencias de Castilla y Le\u00f3n\" \/>\n<meta property=\"og:description\" content=\"On October 24, the Instituto de Neurociencias de Castilla y Le\u00f3n (INCYL) held its first Open Access Day, as part of the activities of the International Open Access Week 2024, in collaboration with the Research Support Service of the University of Salamanca Libraries.\" \/>\n<meta property=\"og:url\" content=\"https:\/\/institutoneurociencias.org\/en\/incyl-members-awarded-the-maria-de-maeztu-and-gloria-begue-prizes\/\" \/>\n<meta property=\"og:site_name\" content=\"Instituto de Neurociencias de Castilla y Le\u00f3n\" \/>\n<meta property=\"article:published_time\" content=\"2026-04-20T07:38:29+00:00\" \/>\n<meta property=\"article:modified_time\" content=\"2026-04-28T10:50:45+00:00\" \/>\n<meta property=\"og:image\" content=\"https:\/\/institutoneurociencias.org\/wp-content\/uploads\/2026\/04\/WhatsApp-Image-2026-04-17-at-14.17.47-1.jpeg\" \/>\n\t<meta property=\"og:image:width\" content=\"1600\" \/>\n\t<meta property=\"og:image:height\" content=\"1200\" \/>\n\t<meta property=\"og:image:type\" content=\"image\/jpeg\" \/>\n<meta name=\"author\" content=\"practicas\" \/>\n<meta name=\"twitter:card\" content=\"summary_large_image\" \/>\n<meta name=\"twitter:label1\" content=\"Written by\" \/>\n\t<meta name=\"twitter:data1\" content=\"practicas\" \/>\n\t<meta name=\"twitter:label2\" content=\"Est. reading time\" \/>\n\t<meta name=\"twitter:data2\" content=\"1 minute\" \/>\n<script type=\"application\/ld+json\" class=\"yoast-schema-graph\">{\"@context\":\"https:\\\/\\\/schema.org\",\"@graph\":[{\"@type\":\"Article\",\"@id\":\"https:\\\/\\\/institutoneurociencias.org\\\/en\\\/incyl-members-awarded-the-maria-de-maeztu-and-gloria-begue-prizes\\\/#article\",\"isPartOf\":{\"@id\":\"https:\\\/\\\/institutoneurociencias.org\\\/en\\\/incyl-members-awarded-the-maria-de-maeztu-and-gloria-begue-prizes\\\/\"},\"author\":{\"name\":\"practicas\",\"@id\":\"https:\\\/\\\/institutoneurociencias.org\\\/en\\\/#\\\/schema\\\/person\\\/342995fe87d59f2722199da95bfcc9dc\"},\"headline\":\"INCYL members awarded the &#8220;Mar\u00eda de Maeztu&#8221; and &#8220;Gloria Begu\u00e9&#8221; prizes.\",\"datePublished\":\"2026-04-20T07:38:29+00:00\",\"dateModified\":\"2026-04-28T10:50:45+00:00\",\"mainEntityOfPage\":{\"@id\":\"https:\\\/\\\/institutoneurociencias.org\\\/en\\\/incyl-members-awarded-the-maria-de-maeztu-and-gloria-begue-prizes\\\/\"},\"wordCount\":242,\"publisher\":{\"@id\":\"https:\\\/\\\/institutoneurociencias.org\\\/en\\\/#organization\"},\"image\":{\"@id\":\"https:\\\/\\\/institutoneurociencias.org\\\/en\\\/incyl-members-awarded-the-maria-de-maeztu-and-gloria-begue-prizes\\\/#primaryimage\"},\"thumbnailUrl\":\"https:\\\/\\\/institutoneurociencias.org\\\/wp-content\\\/uploads\\\/2026\\\/04\\\/WhatsApp-Image-2026-04-17-at-14.17.47-1.jpeg\",\"articleSection\":[\"News\"],\"inLanguage\":\"en-US\"},{\"@type\":\"WebPage\",\"@id\":\"https:\\\/\\\/institutoneurociencias.org\\\/en\\\/incyl-members-awarded-the-maria-de-maeztu-and-gloria-begue-prizes\\\/\",\"url\":\"https:\\\/\\\/institutoneurociencias.org\\\/en\\\/incyl-members-awarded-the-maria-de-maeztu-and-gloria-begue-prizes\\\/\",\"name\":\"INCYL members awarded the \\\"Mar\u00eda de Maeztu\\\" and \\\"Gloria Begu\u00e9\\\" prizes. - Instituto de Neurociencias de Castilla y Le\u00f3n\",\"isPartOf\":{\"@id\":\"https:\\\/\\\/institutoneurociencias.org\\\/en\\\/#website\"},\"primaryImageOfPage\":{\"@id\":\"https:\\\/\\\/institutoneurociencias.org\\\/en\\\/incyl-members-awarded-the-maria-de-maeztu-and-gloria-begue-prizes\\\/#primaryimage\"},\"image\":{\"@id\":\"https:\\\/\\\/institutoneurociencias.org\\\/en\\\/incyl-members-awarded-the-maria-de-maeztu-and-gloria-begue-prizes\\\/#primaryimage\"},\"thumbnailUrl\":\"https:\\\/\\\/institutoneurociencias.org\\\/wp-content\\\/uploads\\\/2026\\\/04\\\/WhatsApp-Image-2026-04-17-at-14.17.47-1.jpeg\",\"datePublished\":\"2026-04-20T07:38:29+00:00\",\"dateModified\":\"2026-04-28T10:50:45+00:00\",\"description\":\"On October 24, the Instituto de Neurociencias de Castilla y Le\u00f3n (INCYL) held its first Open Access Day, as part of the activities of the International Open Access Week 2024, in collaboration with the Research Support Service of the University of Salamanca Libraries.\",\"breadcrumb\":{\"@id\":\"https:\\\/\\\/institutoneurociencias.org\\\/en\\\/incyl-members-awarded-the-maria-de-maeztu-and-gloria-begue-prizes\\\/#breadcrumb\"},\"inLanguage\":\"en-US\",\"potentialAction\":[{\"@type\":\"ReadAction\",\"target\":[\"https:\\\/\\\/institutoneurociencias.org\\\/en\\\/incyl-members-awarded-the-maria-de-maeztu-and-gloria-begue-prizes\\\/\"]}]},{\"@type\":\"ImageObject\",\"inLanguage\":\"en-US\",\"@id\":\"https:\\\/\\\/institutoneurociencias.org\\\/en\\\/incyl-members-awarded-the-maria-de-maeztu-and-gloria-begue-prizes\\\/#primaryimage\",\"url\":\"https:\\\/\\\/institutoneurociencias.org\\\/wp-content\\\/uploads\\\/2026\\\/04\\\/WhatsApp-Image-2026-04-17-at-14.17.47-1.jpeg\",\"contentUrl\":\"https:\\\/\\\/institutoneurociencias.org\\\/wp-content\\\/uploads\\\/2026\\\/04\\\/WhatsApp-Image-2026-04-17-at-14.17.47-1.jpeg\",\"width\":1600,\"height\":1200},{\"@type\":\"BreadcrumbList\",\"@id\":\"https:\\\/\\\/institutoneurociencias.org\\\/en\\\/incyl-members-awarded-the-maria-de-maeztu-and-gloria-begue-prizes\\\/#breadcrumb\",\"itemListElement\":[{\"@type\":\"ListItem\",\"position\":1,\"name\":\"Portada\",\"item\":\"https:\\\/\\\/institutoneurociencias.org\\\/en\\\/\"},{\"@type\":\"ListItem\",\"position\":2,\"name\":\"INCYL members awarded the &#8220;Mar\u00eda de Maeztu&#8221; and &#8220;Gloria Begu\u00e9&#8221; prizes.\"}]},{\"@type\":\"WebSite\",\"@id\":\"https:\\\/\\\/institutoneurociencias.org\\\/en\\\/#website\",\"url\":\"https:\\\/\\\/institutoneurociencias.org\\\/en\\\/\",\"name\":\"Instituto de Neurociencias de Castilla y Le\u00f3n\",\"description\":\"Dedicado a la investigaci\u00f3n cient\u00edfica en el sistema nervioso normal y sus patolog\u00edas\",\"publisher\":{\"@id\":\"https:\\\/\\\/institutoneurociencias.org\\\/en\\\/#organization\"},\"potentialAction\":[{\"@type\":\"SearchAction\",\"target\":{\"@type\":\"EntryPoint\",\"urlTemplate\":\"https:\\\/\\\/institutoneurociencias.org\\\/en\\\/?s={search_term_string}\"},\"query-input\":{\"@type\":\"PropertyValueSpecification\",\"valueRequired\":true,\"valueName\":\"search_term_string\"}}],\"inLanguage\":\"en-US\"},{\"@type\":\"Organization\",\"@id\":\"https:\\\/\\\/institutoneurociencias.org\\\/en\\\/#organization\",\"name\":\"Instituto de Neurociencias de Castilla y Le\u00f3n\",\"url\":\"https:\\\/\\\/institutoneurociencias.org\\\/en\\\/\",\"logo\":{\"@type\":\"ImageObject\",\"inLanguage\":\"en-US\",\"@id\":\"https:\\\/\\\/institutoneurociencias.org\\\/en\\\/#\\\/schema\\\/logo\\\/image\\\/\",\"url\":\"https:\\\/\\\/institutoneurociencias.org\\\/wp-content\\\/uploads\\\/2023\\\/01\\\/logo-neurociencias.svg\",\"contentUrl\":\"https:\\\/\\\/institutoneurociencias.org\\\/wp-content\\\/uploads\\\/2023\\\/01\\\/logo-neurociencias.svg\",\"width\":334,\"height\":191,\"caption\":\"Instituto de Neurociencias de Castilla y Le\u00f3n\"},\"image\":{\"@id\":\"https:\\\/\\\/institutoneurociencias.org\\\/en\\\/#\\\/schema\\\/logo\\\/image\\\/\"}},{\"@type\":\"Person\",\"@id\":\"https:\\\/\\\/institutoneurociencias.org\\\/en\\\/#\\\/schema\\\/person\\\/342995fe87d59f2722199da95bfcc9dc\",\"name\":\"practicas\",\"image\":{\"@type\":\"ImageObject\",\"inLanguage\":\"en-US\",\"@id\":\"https:\\\/\\\/secure.gravatar.com\\\/avatar\\\/92235342ea3cab7daae755b8513ecd87b1b3ecdc4b3eff246910893be4a1e10e?s=96&d=mm&r=g\",\"url\":\"https:\\\/\\\/secure.gravatar.com\\\/avatar\\\/92235342ea3cab7daae755b8513ecd87b1b3ecdc4b3eff246910893be4a1e10e?s=96&d=mm&r=g\",\"contentUrl\":\"https:\\\/\\\/secure.gravatar.com\\\/avatar\\\/92235342ea3cab7daae755b8513ecd87b1b3ecdc4b3eff246910893be4a1e10e?s=96&d=mm&r=g\",\"caption\":\"practicas\"},\"url\":\"https:\\\/\\\/institutoneurociencias.org\\\/en\\\/author\\\/practicas\\\/\"}]}<\/script>\n<!-- \/ Yoast SEO plugin. -->","yoast_head_json":{"title":"INCYL members awarded the \"Mar\u00eda de Maeztu\" and \"Gloria Begu\u00e9\" prizes. - Instituto de Neurociencias de Castilla y Le\u00f3n","description":"On October 24, the Instituto de Neurociencias de Castilla y Le\u00f3n (INCYL) held its first Open Access Day, as part of the activities of the International Open Access Week 2024, in collaboration with the Research Support Service of the University of Salamanca Libraries.","robots":{"index":"index","follow":"follow","max-snippet":"max-snippet:-1","max-image-preview":"max-image-preview:large","max-video-preview":"max-video-preview:-1"},"canonical":"https:\/\/institutoneurociencias.org\/en\/incyl-members-awarded-the-maria-de-maeztu-and-gloria-begue-prizes\/","og_locale":"en_US","og_type":"article","og_title":"INCYL members awarded the \"Mar\u00eda de Maeztu\" and \"Gloria Begu\u00e9\" prizes. - Instituto de Neurociencias de Castilla y Le\u00f3n","og_description":"On October 24, the Instituto de Neurociencias de Castilla y Le\u00f3n (INCYL) held its first Open Access Day, as part of the activities of the International Open Access Week 2024, in collaboration with the Research Support Service of the University of Salamanca Libraries.","og_url":"https:\/\/institutoneurociencias.org\/en\/incyl-members-awarded-the-maria-de-maeztu-and-gloria-begue-prizes\/","og_site_name":"Instituto de Neurociencias de Castilla y Le\u00f3n","article_published_time":"2026-04-20T07:38:29+00:00","article_modified_time":"2026-04-28T10:50:45+00:00","og_image":[{"width":1600,"height":1200,"url":"https:\/\/institutoneurociencias.org\/wp-content\/uploads\/2026\/04\/WhatsApp-Image-2026-04-17-at-14.17.47-1.jpeg","type":"image\/jpeg"}],"author":"practicas","twitter_card":"summary_large_image","twitter_misc":{"Written by":"practicas","Est. reading time":"1 minute"},"schema":{"@context":"https:\/\/schema.org","@graph":[{"@type":"Article","@id":"https:\/\/institutoneurociencias.org\/en\/incyl-members-awarded-the-maria-de-maeztu-and-gloria-begue-prizes\/#article","isPartOf":{"@id":"https:\/\/institutoneurociencias.org\/en\/incyl-members-awarded-the-maria-de-maeztu-and-gloria-begue-prizes\/"},"author":{"name":"practicas","@id":"https:\/\/institutoneurociencias.org\/en\/#\/schema\/person\/342995fe87d59f2722199da95bfcc9dc"},"headline":"INCYL members awarded the &#8220;Mar\u00eda de Maeztu&#8221; and &#8220;Gloria Begu\u00e9&#8221; prizes.","datePublished":"2026-04-20T07:38:29+00:00","dateModified":"2026-04-28T10:50:45+00:00","mainEntityOfPage":{"@id":"https:\/\/institutoneurociencias.org\/en\/incyl-members-awarded-the-maria-de-maeztu-and-gloria-begue-prizes\/"},"wordCount":242,"publisher":{"@id":"https:\/\/institutoneurociencias.org\/en\/#organization"},"image":{"@id":"https:\/\/institutoneurociencias.org\/en\/incyl-members-awarded-the-maria-de-maeztu-and-gloria-begue-prizes\/#primaryimage"},"thumbnailUrl":"https:\/\/institutoneurociencias.org\/wp-content\/uploads\/2026\/04\/WhatsApp-Image-2026-04-17-at-14.17.47-1.jpeg","articleSection":["News"],"inLanguage":"en-US"},{"@type":"WebPage","@id":"https:\/\/institutoneurociencias.org\/en\/incyl-members-awarded-the-maria-de-maeztu-and-gloria-begue-prizes\/","url":"https:\/\/institutoneurociencias.org\/en\/incyl-members-awarded-the-maria-de-maeztu-and-gloria-begue-prizes\/","name":"INCYL members awarded the \"Mar\u00eda de Maeztu\" and \"Gloria Begu\u00e9\" prizes. - Instituto de Neurociencias de Castilla y Le\u00f3n","isPartOf":{"@id":"https:\/\/institutoneurociencias.org\/en\/#website"},"primaryImageOfPage":{"@id":"https:\/\/institutoneurociencias.org\/en\/incyl-members-awarded-the-maria-de-maeztu-and-gloria-begue-prizes\/#primaryimage"},"image":{"@id":"https:\/\/institutoneurociencias.org\/en\/incyl-members-awarded-the-maria-de-maeztu-and-gloria-begue-prizes\/#primaryimage"},"thumbnailUrl":"https:\/\/institutoneurociencias.org\/wp-content\/uploads\/2026\/04\/WhatsApp-Image-2026-04-17-at-14.17.47-1.jpeg","datePublished":"2026-04-20T07:38:29+00:00","dateModified":"2026-04-28T10:50:45+00:00","description":"On October 24, the Instituto de Neurociencias de Castilla y Le\u00f3n (INCYL) held its first Open Access Day, as part of the activities of the International Open Access Week 2024, in collaboration with the Research Support Service of the University of Salamanca Libraries.","breadcrumb":{"@id":"https:\/\/institutoneurociencias.org\/en\/incyl-members-awarded-the-maria-de-maeztu-and-gloria-begue-prizes\/#breadcrumb"},"inLanguage":"en-US","potentialAction":[{"@type":"ReadAction","target":["https:\/\/institutoneurociencias.org\/en\/incyl-members-awarded-the-maria-de-maeztu-and-gloria-begue-prizes\/"]}]},{"@type":"ImageObject","inLanguage":"en-US","@id":"https:\/\/institutoneurociencias.org\/en\/incyl-members-awarded-the-maria-de-maeztu-and-gloria-begue-prizes\/#primaryimage","url":"https:\/\/institutoneurociencias.org\/wp-content\/uploads\/2026\/04\/WhatsApp-Image-2026-04-17-at-14.17.47-1.jpeg","contentUrl":"https:\/\/institutoneurociencias.org\/wp-content\/uploads\/2026\/04\/WhatsApp-Image-2026-04-17-at-14.17.47-1.jpeg","width":1600,"height":1200},{"@type":"BreadcrumbList","@id":"https:\/\/institutoneurociencias.org\/en\/incyl-members-awarded-the-maria-de-maeztu-and-gloria-begue-prizes\/#breadcrumb","itemListElement":[{"@type":"ListItem","position":1,"name":"Portada","item":"https:\/\/institutoneurociencias.org\/en\/"},{"@type":"ListItem","position":2,"name":"INCYL members awarded the &#8220;Mar\u00eda de Maeztu&#8221; and &#8220;Gloria Begu\u00e9&#8221; prizes."}]},{"@type":"WebSite","@id":"https:\/\/institutoneurociencias.org\/en\/#website","url":"https:\/\/institutoneurociencias.org\/en\/","name":"Instituto de Neurociencias de Castilla y Le\u00f3n","description":"Dedicado a la investigaci\u00f3n cient\u00edfica en el sistema nervioso normal y sus patolog\u00edas","publisher":{"@id":"https:\/\/institutoneurociencias.org\/en\/#organization"},"potentialAction":[{"@type":"SearchAction","target":{"@type":"EntryPoint","urlTemplate":"https:\/\/institutoneurociencias.org\/en\/?s={search_term_string}"},"query-input":{"@type":"PropertyValueSpecification","valueRequired":true,"valueName":"search_term_string"}}],"inLanguage":"en-US"},{"@type":"Organization","@id":"https:\/\/institutoneurociencias.org\/en\/#organization","name":"Instituto de Neurociencias de Castilla y Le\u00f3n","url":"https:\/\/institutoneurociencias.org\/en\/","logo":{"@type":"ImageObject","inLanguage":"en-US","@id":"https:\/\/institutoneurociencias.org\/en\/#\/schema\/logo\/image\/","url":"https:\/\/institutoneurociencias.org\/wp-content\/uploads\/2023\/01\/logo-neurociencias.svg","contentUrl":"https:\/\/institutoneurociencias.org\/wp-content\/uploads\/2023\/01\/logo-neurociencias.svg","width":334,"height":191,"caption":"Instituto de Neurociencias de Castilla y Le\u00f3n"},"image":{"@id":"https:\/\/institutoneurociencias.org\/en\/#\/schema\/logo\/image\/"}},{"@type":"Person","@id":"https:\/\/institutoneurociencias.org\/en\/#\/schema\/person\/342995fe87d59f2722199da95bfcc9dc","name":"practicas","image":{"@type":"ImageObject","inLanguage":"en-US","@id":"https:\/\/secure.gravatar.com\/avatar\/92235342ea3cab7daae755b8513ecd87b1b3ecdc4b3eff246910893be4a1e10e?s=96&d=mm&r=g","url":"https:\/\/secure.gravatar.com\/avatar\/92235342ea3cab7daae755b8513ecd87b1b3ecdc4b3eff246910893be4a1e10e?s=96&d=mm&r=g","contentUrl":"https:\/\/secure.gravatar.com\/avatar\/92235342ea3cab7daae755b8513ecd87b1b3ecdc4b3eff246910893be4a1e10e?s=96&d=mm&r=g","caption":"practicas"},"url":"https:\/\/institutoneurociencias.org\/en\/author\/practicas\/"}]}},"_links":{"self":[{"href":"https:\/\/institutoneurociencias.org\/en\/wp-json\/wp\/v2\/posts\/23862","targetHints":{"allow":["GET"]}}],"collection":[{"href":"https:\/\/institutoneurociencias.org\/en\/wp-json\/wp\/v2\/posts"}],"about":[{"href":"https:\/\/institutoneurociencias.org\/en\/wp-json\/wp\/v2\/types\/post"}],"author":[{"embeddable":true,"href":"https:\/\/institutoneurociencias.org\/en\/wp-json\/wp\/v2\/users\/42"}],"replies":[{"embeddable":true,"href":"https:\/\/institutoneurociencias.org\/en\/wp-json\/wp\/v2\/comments?post=23862"}],"version-history":[{"count":1,"href":"https:\/\/institutoneurociencias.org\/en\/wp-json\/wp\/v2\/posts\/23862\/revisions"}],"predecessor-version":[{"id":23863,"href":"https:\/\/institutoneurociencias.org\/en\/wp-json\/wp\/v2\/posts\/23862\/revisions\/23863"}],"wp:featuredmedia":[{"embeddable":true,"href":"https:\/\/institutoneurociencias.org\/en\/wp-json\/wp\/v2\/media\/23838"}],"wp:attachment":[{"href":"https:\/\/institutoneurociencias.org\/en\/wp-json\/wp\/v2\/media?parent=23862"}],"wp:term":[{"taxonomy":"category","embeddable":true,"href":"https:\/\/institutoneurociencias.org\/en\/wp-json\/wp\/v2\/categories?post=23862"},{"taxonomy":"post_tag","embeddable":true,"href":"https:\/\/institutoneurociencias.org\/en\/wp-json\/wp\/v2\/tags?post=23862"}],"curies":[{"name":"wp","href":"https:\/\/api.w.org\/{rel}","templated":true}]}}